{"id":1,"name":"Rafaella Falco Bruhn","url":"https:\/\/drarafaellabruhn.com.br","description":"Titulo de especialista em Cirurgia de Cabe\u00e7a e Pesco\u00e7o pela Sociedade Brasileira de Cabe\u00e7a e Pesco\u00e7o (SBCCP)\r\nResid\u00eancia de Cirurgia de Cabe\u00e7a e Pesco\u00e7o pela Faculdade de Medicina do Abc\r\nResid\u00eancia de Cirurgia Geral e Trauma pela Faculdade de Medicina do Abc  \r\nGradua\u00e7\u00e3o em Medicina pela Faculdade de Medicina do ABC \r\nAtualmente atuo sendo m\u00e9dica Assistente  e colaboradora na disciplina de Cirurgia de Cabe\u00e7a e Pesco\u00e7o da FMABC.\r\nM\u00e9dica da equipe de Cirurgia de Cabe\u00e7a e Pesco\u00e7o do Hospital Professor Edmundo Vasconcelos , m\u00e9dica da equipe de Cirurgia de Cabe\u00e7a e Pesco\u00e7o do Hospital Santa Paula, m\u00e9dica da Equipe de Cirurgia de Cabe\u00e7a e Pesco\u00e7o da Rede D\u2019Or.","link":"https:\/\/drarafaellabruhn.com.br\/index.php\/author\/mktrafaellabruhn\/","slug":"mktrafaellabruhn","avatar_urls":{"24":"https:\/\/drarafaellabruhn.com.br\/wp-content\/litespeed\/avatar\/376eb1bb3e4b6d30b4601c421c025cf7.jpg?ver=1777247559","48":"https:\/\/drarafaellabruhn.com.br\/wp-content\/litespeed\/avatar\/0ba431cc4e96b08bdbbb9d3ac3baaa31.jpg?ver=1777247559","96":"https:\/\/drarafaellabruhn.com.br\/wp-content\/litespeed\/avatar\/5e1ad44fa329b30dfa42a6ad2bf79903.jpg?ver=1777247559"},"meta":[],"yoast_head":"<!-- This site is optimized with the Yoast SEO plugin v20.12 - https:\/\/yoast.com\/wordpress\/plugins\/seo\/ -->\n<title>Rafaella Falco Bruhn, Autor em Dra Rafaella Bruhn<\/title>\n<meta name=\"robots\" content=\"index, follow, max-snippet:-1, max-image-preview:large, max-video-preview:-1\" \/>\n<link rel=\"canonical\" href=\"https:\/\/drarafaellabruhn.com.br\/index.php\/author\/mktrafaellabruhn\/\" \/>\n<meta property=\"og:locale\" content=\"pt_BR\" \/>\n<meta property=\"og:type\" content=\"profile\" \/>\n<meta property=\"og:title\" content=\"Rafaella Falco Bruhn, Autor em Dra Rafaella Bruhn\" \/>\n<meta property=\"og:url\" content=\"https:\/\/drarafaellabruhn.com.br\/index.php\/author\/mktrafaellabruhn\/\" \/>\n<meta property=\"og:site_name\" content=\"Dra Rafaella Bruhn\" \/>\n<meta property=\"og:image\" content=\"https:\/\/drarafaellabruhn.com.br\/wp-content\/litespeed\/avatar\/a15116682ff1c5b3311ddde3b1a40976.jpg?ver=1690441971\" \/>\n<meta name=\"twitter:card\" content=\"summary_large_image\" \/>\n<script type=\"application\/ld+json\" class=\"yoast-schema-graph\">{\"@context\":\"https:\/\/schema.org\",\"@graph\":[{\"@type\":\"ProfilePage\",\"@id\":\"https:\/\/drarafaellabruhn.com.br\/index.php\/author\/mktrafaellabruhn\/\",\"url\":\"https:\/\/drarafaellabruhn.com.br\/index.php\/author\/mktrafaellabruhn\/\",\"name\":\"Rafaella Falco Bruhn, Autor em Dra Rafaella Bruhn\",\"isPartOf\":{\"@id\":\"https:\/\/drarafaellabruhn.com.br\/#website\"},\"breadcrumb\":{\"@id\":\"https:\/\/drarafaellabruhn.com.br\/index.php\/author\/mktrafaellabruhn\/#breadcrumb\"},\"inLanguage\":\"pt-BR\",\"potentialAction\":[{\"@type\":\"ReadAction\",\"target\":[\"https:\/\/drarafaellabruhn.com.br\/index.php\/author\/mktrafaellabruhn\/\"]}]},{\"@type\":\"BreadcrumbList\",\"@id\":\"https:\/\/drarafaellabruhn.com.br\/index.php\/author\/mktrafaellabruhn\/#breadcrumb\",\"itemListElement\":[{\"@type\":\"ListItem\",\"position\":1,\"name\":\"In\u00edcio\",\"item\":\"https:\/\/drarafaellabruhn.com.br\/\"},{\"@type\":\"ListItem\",\"position\":2,\"name\":\"Arquivos para Rafaella Falco Bruhn\"}]},{\"@type\":\"WebSite\",\"@id\":\"https:\/\/drarafaellabruhn.com.br\/#website\",\"url\":\"https:\/\/drarafaellabruhn.com.br\/\",\"name\":\"Dra Rafaella Bruhn\",\"description\":\"Especialista em cirurgia de cabe\u00e7a e pesco\u00e7o. Sendo refer\u00eancia em tratamentos e atuando nos melhores hospitais de S\u00e3o Paulo! !\",\"publisher\":{\"@id\":\"https:\/\/drarafaellabruhn.com.br\/#\/schema\/person\/a3b73950519a44b3da2b915bfac0b27b\"},\"potentialAction\":[{\"@type\":\"SearchAction\",\"target\":{\"@type\":\"EntryPoint\",\"urlTemplate\":\"https:\/\/drarafaellabruhn.com.br\/?s={search_term_string}\"},\"query-input\":\"required name=search_term_string\"}],\"inLanguage\":\"pt-BR\"},{\"@type\":[\"Person\",\"Organization\"],\"@id\":\"https:\/\/drarafaellabruhn.com.br\/#\/schema\/person\/a3b73950519a44b3da2b915bfac0b27b\",\"name\":\"Rafaella Falco Bruhn\",\"image\":{\"@type\":\"ImageObject\",\"inLanguage\":\"pt-BR\",\"@id\":\"https:\/\/drarafaellabruhn.com.br\/#\/schema\/person\/image\/\",\"url\":\"https:\/\/drarafaellabruhn.com.br\/wp-content\/uploads\/2023\/03\/cropped-Design-sem-nome-19-1.png\",\"contentUrl\":\"https:\/\/drarafaellabruhn.com.br\/wp-content\/uploads\/2023\/03\/cropped-Design-sem-nome-19-1.png\",\"width\":512,\"height\":512,\"caption\":\"Rafaella Falco Bruhn\"},\"logo\":{\"@id\":\"https:\/\/drarafaellabruhn.com.br\/#\/schema\/person\/image\/\"},\"description\":\"Titulo de especialista em Cirurgia de Cabe\u00e7a e Pesco\u00e7o pela Sociedade Brasileira de Cabe\u00e7a e Pesco\u00e7o (SBCCP) Resid\u00eancia de Cirurgia de Cabe\u00e7a e Pesco\u00e7o pela Faculdade de Medicina do Abc Resid\u00eancia de Cirurgia Geral e Trauma pela Faculdade de Medicina do Abc Gradua\u00e7\u00e3o em Medicina pela Faculdade de Medicina do ABC Atualmente atuo sendo m\u00e9dica Assistente e colaboradora na disciplina de Cirurgia de Cabe\u00e7a e Pesco\u00e7o da FMABC. M\u00e9dica da equipe de Cirurgia de Cabe\u00e7a e Pesco\u00e7o do Hospital Professor Edmundo Vasconcelos , m\u00e9dica da equipe de Cirurgia de Cabe\u00e7a e Pesco\u00e7o do Hospital Santa Paula, m\u00e9dica da Equipe de Cirurgia de Cabe\u00e7a e Pesco\u00e7o da Rede D\u2019Or.\",\"sameAs\":[\"https:\/\/drarafaellabruhn.com.br\",\"https:\/\/www.instagram.com\/dra.rafaellabruhn\/\"],\"mainEntityOfPage\":{\"@id\":\"https:\/\/drarafaellabruhn.com.br\/index.php\/author\/mktrafaellabruhn\/\"}}]}<\/script>\n<!-- \/ Yoast SEO plugin. -->","yoast_head_json":{"title":"Rafaella Falco Bruhn, Autor em Dra Rafaella Bruhn","robots":{"index":"index","follow":"follow","max-snippet":"max-snippet:-1","max-image-preview":"max-image-preview:large","max-video-preview":"max-video-preview:-1"},"canonical":"https:\/\/drarafaellabruhn.com.br\/index.php\/author\/mktrafaellabruhn\/","og_locale":"pt_BR","og_type":"profile","og_title":"Rafaella Falco Bruhn, Autor em Dra Rafaella Bruhn","og_url":"https:\/\/drarafaellabruhn.com.br\/index.php\/author\/mktrafaellabruhn\/","og_site_name":"Dra Rafaella Bruhn","og_image":[{"url":"https:\/\/drarafaellabruhn.com.br\/wp-content\/litespeed\/avatar\/a15116682ff1c5b3311ddde3b1a40976.jpg?ver=1690441971"}],"twitter_card":"summary_large_image","schema":{"@context":"https:\/\/schema.org","@graph":[{"@type":"ProfilePage","@id":"https:\/\/drarafaellabruhn.com.br\/index.php\/author\/mktrafaellabruhn\/","url":"https:\/\/drarafaellabruhn.com.br\/index.php\/author\/mktrafaellabruhn\/","name":"Rafaella Falco Bruhn, Autor em Dra Rafaella Bruhn","isPartOf":{"@id":"https:\/\/drarafaellabruhn.com.br\/#website"},"breadcrumb":{"@id":"https:\/\/drarafaellabruhn.com.br\/index.php\/author\/mktrafaellabruhn\/#breadcrumb"},"inLanguage":"pt-BR","potentialAction":[{"@type":"ReadAction","target":["https:\/\/drarafaellabruhn.com.br\/index.php\/author\/mktrafaellabruhn\/"]}]},{"@type":"BreadcrumbList","@id":"https:\/\/drarafaellabruhn.com.br\/index.php\/author\/mktrafaellabruhn\/#breadcrumb","itemListElement":[{"@type":"ListItem","position":1,"name":"In\u00edcio","item":"https:\/\/drarafaellabruhn.com.br\/"},{"@type":"ListItem","position":2,"name":"Arquivos para Rafaella Falco Bruhn"}]},{"@type":"WebSite","@id":"https:\/\/drarafaellabruhn.com.br\/#website","url":"https:\/\/drarafaellabruhn.com.br\/","name":"Dra Rafaella Bruhn","description":"Especialista em cirurgia de cabe\u00e7a e pesco\u00e7o. Sendo refer\u00eancia em tratamentos e atuando nos melhores hospitais de S\u00e3o Paulo! !","publisher":{"@id":"https:\/\/drarafaellabruhn.com.br\/#\/schema\/person\/a3b73950519a44b3da2b915bfac0b27b"},"potentialAction":[{"@type":"SearchAction","target":{"@type":"EntryPoint","urlTemplate":"https:\/\/drarafaellabruhn.com.br\/?s={search_term_string}"},"query-input":"required name=search_term_string"}],"inLanguage":"pt-BR"},{"@type":["Person","Organization"],"@id":"https:\/\/drarafaellabruhn.com.br\/#\/schema\/person\/a3b73950519a44b3da2b915bfac0b27b","name":"Rafaella Falco Bruhn","image":{"@type":"ImageObject","inLanguage":"pt-BR","@id":"https:\/\/drarafaellabruhn.com.br\/#\/schema\/person\/image\/","url":"https:\/\/drarafaellabruhn.com.br\/wp-content\/uploads\/2023\/03\/cropped-Design-sem-nome-19-1.png","contentUrl":"https:\/\/drarafaellabruhn.com.br\/wp-content\/uploads\/2023\/03\/cropped-Design-sem-nome-19-1.png","width":512,"height":512,"caption":"Rafaella Falco Bruhn"},"logo":{"@id":"https:\/\/drarafaellabruhn.com.br\/#\/schema\/person\/image\/"},"description":"Titulo de especialista em Cirurgia de Cabe\u00e7a e Pesco\u00e7o pela Sociedade Brasileira de Cabe\u00e7a e Pesco\u00e7o (SBCCP) Resid\u00eancia de Cirurgia de Cabe\u00e7a e Pesco\u00e7o pela Faculdade de Medicina do Abc Resid\u00eancia de Cirurgia Geral e Trauma pela Faculdade de Medicina do Abc Gradua\u00e7\u00e3o em Medicina pela Faculdade de Medicina do ABC Atualmente atuo sendo m\u00e9dica Assistente e colaboradora na disciplina de Cirurgia de Cabe\u00e7a e Pesco\u00e7o da FMABC. M\u00e9dica da equipe de Cirurgia de Cabe\u00e7a e Pesco\u00e7o do Hospital Professor Edmundo Vasconcelos , m\u00e9dica da equipe de Cirurgia de Cabe\u00e7a e Pesco\u00e7o do Hospital Santa Paula, m\u00e9dica da Equipe de Cirurgia de Cabe\u00e7a e Pesco\u00e7o da Rede D\u2019Or.","sameAs":["https:\/\/drarafaellabruhn.com.br","https:\/\/www.instagram.com\/dra.rafaellabruhn\/"],"mainEntityOfPage":{"@id":"https:\/\/drarafaellabruhn.com.br\/index.php\/author\/mktrafaellabruhn\/"}}]}},"_links":{"self":[{"href":"https:\/\/drarafaellabruhn.com.br\/index.php\/wp-json\/wp\/v2\/users\/1"}],"collection":[{"href":"https:\/\/drarafaellabruhn.com.br\/index.php\/wp-json\/wp\/v2\/users"}]}}