{"id":1,"date":"2023-03-07T11:37:40","date_gmt":"2023-03-07T14:37:40","guid":{"rendered":"https:\/\/drarafaellabruhn.com.br\/?p=1"},"modified":"2023-07-31T14:46:14","modified_gmt":"2023-07-31T17:46:14","slug":"cirurgiatireoide","status":"publish","type":"post","link":"https:\/\/drarafaellabruhn.com.br\/index.php\/2023\/03\/07\/cirurgiatireoide\/","title":{"rendered":"Cirurgia da Tireoide, voc\u00ea precisa saber!"},"content":{"rendered":"\t\t<div data-elementor-type=\"wp-post\" data-elementor-id=\"1\" class=\"elementor elementor-1\">\n\t\t\t\t\t\t\t\t\t<section class=\"elementor-section elementor-top-section elementor-element elementor-element-20b8768b elementor-section-boxed elementor-section-height-default elementor-section-height-default\" data-id=\"20b8768b\" data-element_type=\"section\">\n\t\t\t\t\t\t<div class=\"elementor-container elementor-column-gap-default\">\n\t\t\t\t\t<div class=\"elementor-column elementor-col-100 elementor-top-column elementor-element elementor-element-3f9dac7\" data-id=\"3f9dac7\" data-element_type=\"column\">\n\t\t\t<div class=\"elementor-widget-wrap elementor-element-populated\">\n\t\t\t\t\t\t\t\t<div class=\"elementor-element elementor-element-c5e84cf elementor-widget elementor-widget-heading\" data-id=\"c5e84cf\" data-element_type=\"widget\" data-widget_type=\"heading.default\">\n\t\t\t\t<div class=\"elementor-widget-container\">\n\t\t\t<style>\/*! elementor - v3.15.0 - 31-07-2023 *\/\n.elementor-heading-title{padding:0;margin:0;line-height:1}.elementor-widget-heading .elementor-heading-title[class*=elementor-size-]>a{color:inherit;font-size:inherit;line-height:inherit}.elementor-widget-heading .elementor-heading-title.elementor-size-small{font-size:15px}.elementor-widget-heading .elementor-heading-title.elementor-size-medium{font-size:19px}.elementor-widget-heading .elementor-heading-title.elementor-size-large{font-size:29px}.elementor-widget-heading .elementor-heading-title.elementor-size-xl{font-size:39px}.elementor-widget-heading .elementor-heading-title.elementor-size-xxl{font-size:59px}<\/style><h2 class=\"elementor-heading-title elementor-size-default\">Cirurgia da Tireoide! Tudo o que voc\u00ea precisa saber<\/h2>\t\t<\/div>\n\t\t\t\t<\/div>\n\t\t\t\t<div class=\"elementor-element elementor-element-7be58077 elementor-widget elementor-widget-text-editor\" data-id=\"7be58077\" data-element_type=\"widget\" data-widget_type=\"text-editor.default\">\n\t\t\t\t<div class=\"elementor-widget-container\">\n\t\t\t<style>\/*! elementor - v3.15.0 - 31-07-2023 *\/\n.elementor-widget-text-editor.elementor-drop-cap-view-stacked .elementor-drop-cap{background-color:#69727d;color:#fff}.elementor-widget-text-editor.elementor-drop-cap-view-framed .elementor-drop-cap{color:#69727d;border:3px solid;background-color:transparent}.elementor-widget-text-editor:not(.elementor-drop-cap-view-default) .elementor-drop-cap{margin-top:8px}.elementor-widget-text-editor:not(.elementor-drop-cap-view-default) .elementor-drop-cap-letter{width:1em;height:1em}.elementor-widget-text-editor .elementor-drop-cap{float:left;text-align:center;line-height:1;font-size:50px}.elementor-widget-text-editor .elementor-drop-cap-letter{display:inline-block}<\/style>\t\t\t\t<!-- wp:paragraph -->\n<p>A cirurgia da tireoide \u00e9 um procedimento realizado para tratar condi\u00e7\u00f5es relacionadas \u00e0 gl\u00e2ndula tireoide, que est\u00e1 localizada na parte anterior do pesco\u00e7o. Neste artigo, discutiremos os sintomas, tratamentos e causas dessa condi\u00e7\u00e3o, fornecendo informa\u00e7\u00f5es importantes para quem busca entender mais sobre o assunto.<\/p>\n<!-- \/wp:paragraph --><!-- wp:image {\"id\":793,\"width\":544,\"height\":363,\"sizeSlug\":\"large\",\"linkDestination\":\"none\"} -->\n<figure class=\"wp-block-image size-large is-resized\"><img decoding=\"async\" class=\"wp-image-793 aligncenter\" src=\"https:\/\/drarafaellabruhn.com.br\/wp-content\/uploads\/2023\/07\/image-1024x683.png\" alt=\"Como \u00e9 realizada a cirurgia de tireoide\" width=\"544\" height=\"363\" srcset=\"https:\/\/drarafaellabruhn.com.br\/wp-content\/uploads\/2023\/07\/image-1024x683.png 1024w, https:\/\/drarafaellabruhn.com.br\/wp-content\/uploads\/2023\/07\/image-300x200.png 300w, https:\/\/drarafaellabruhn.com.br\/wp-content\/uploads\/2023\/07\/image-768x512.png 768w, https:\/\/drarafaellabruhn.com.br\/wp-content\/uploads\/2023\/07\/image-600x400.png 600w, https:\/\/drarafaellabruhn.com.br\/wp-content\/uploads\/2023\/07\/image.png 1200w\" sizes=\"(max-width: 544px) 100vw, 544px\" \/><\/figure>\n<!-- \/wp:image --><!-- wp:paragraph -->\n<p><strong>Sintomas<\/strong><\/p>\n<!-- \/wp:paragraph --><!-- wp:paragraph -->\n<p>Os sintomas relacionados a problemas na tireoide podem variar, dependendo da condi\u00e7\u00e3o espec\u00edfica, mas alguns dos sintomas mais comuns incluem:<\/p>\n<!-- \/wp:paragraph --><!-- wp:list -->\n<ul><!-- wp:list-item -->\n<li>Aumento do tamanho da tireoide (b\u00f3cio)<\/li>\n<!-- \/wp:list-item --><!-- wp:list-item -->\n<li>N\u00f3dulos ou caro\u00e7os na tireoide<\/li>\n<!-- \/wp:list-item --><!-- wp:list-item -->\n<li>Dificuldade em engolir ou sensa\u00e7\u00e3o de aperto na garganta<\/li>\n<!-- \/wp:list-item --><!-- wp:list-item -->\n<li>Altera\u00e7\u00f5es na voz, como rouquid\u00e3o<\/li>\n<!-- \/wp:list-item --><!-- wp:list-item -->\n<li>Ganho ou perda de peso inexplicado<\/li>\n<!-- \/wp:list-item --><!-- wp:list-item -->\n<li>Fadiga e fraqueza<\/li>\n<!-- \/wp:list-item --><!-- wp:list-item -->\n<li>Sensibilidade ao frio ou calor excessivo<\/li>\n<!-- \/wp:list-item --><!-- wp:list-item -->\n<li>Altera\u00e7\u00f5es no humor, como ansiedade ou depress\u00e3o<\/li>\n<!-- \/wp:list-item --><\/ul>\n<!-- \/wp:list --><!-- wp:paragraph -->\n<p><strong>Fatores de Risco:<\/strong><\/p>\n<!-- \/wp:paragraph --><!-- wp:paragraph -->\n<p>Alguns fatores aumentam o risco de desenvolver problemas na tireoide, incluindo:<\/p>\n<!-- \/wp:paragraph --><!-- wp:list -->\n<ul><!-- wp:list-item -->\n<li>Hist\u00f3rico familiar de doen\u00e7as da tireoide<\/li>\n<!-- \/wp:list-item --><!-- wp:list-item -->\n<li>Exposi\u00e7\u00e3o \u00e0 radia\u00e7\u00e3o na regi\u00e3o do pesco\u00e7o ou cabe\u00e7a<\/li>\n<!-- \/wp:list-item --><!-- wp:list-item -->\n<li>Sexo feminino (algumas doen\u00e7as da tireoide s\u00e3o mais comuns em mulheres)<\/li>\n<!-- \/wp:list-item --><!-- wp:list-item -->\n<li>Idade avan\u00e7ada<\/li>\n<!-- \/wp:list-item --><!-- wp:list-item -->\n<li>Defici\u00eancia de iodo na dieta<\/li>\n<!-- \/wp:list-item --><\/ul>\n<!-- \/wp:list --><!-- wp:paragraph -->\n<p><strong>Tratamentos:<\/strong><\/p>\n<!-- \/wp:paragraph --><!-- wp:list -->\n<ul><!-- wp:list-item -->\n<li>Cirurgia: A cirurgia da tireoide \u00e9 realizada quando h\u00e1 a necessidade de remover parte ou toda a gl\u00e2ndula tireoide. As principais indica\u00e7\u00f5es para a cirurgia incluem n\u00f3dulos tireoidianos suspeitos de c\u00e2ncer, b\u00f3cio volumoso que cause desconforto ou dificuldade respirat\u00f3ria, hipertireoidismo grave e tireoidite cr\u00f4nica dolorosa.<\/li>\n<!-- \/wp:list-item --><!-- wp:list-item -->\n<li>Medicamentos: Em alguns casos, o uso de medicamentos pode ser recomendado para tratar problemas da tireoide, como tireoidite, hipertireoidismo ou hipotireoidismo. Esses medicamentos ajudam a regular a fun\u00e7\u00e3o da gl\u00e2ndula tireoide.<\/li>\n<!-- \/wp:list-item --><!-- wp:list-item -->\n<li>Iodo radioativo: Em certos casos de c\u00e2ncer de tireoide, pode ser necess\u00e1rio o tratamento com iodo radioativo ap\u00f3s a cirurgia para destruir poss\u00edveis c\u00e9lulas cancer\u00edgenas<br \/>remanescentes.<\/li>\n<!-- \/wp:list-item --><!-- wp:list-item -->\n<li>Radioabla\u00e7\u00e3o: Um tratamento minimamente invasivo usado para tratar principalmente n\u00f3dulos benignos de tireoide, evitando a cirurgia convencional.<br \/><br \/><br \/><strong>Qual \u00e9 o tempo de recupera\u00e7\u00e3o ap\u00f3s a cirurgia da tireoide?<\/strong><br \/><br \/>O tempo de recupera\u00e7\u00e3o varia de acordo com a extens\u00e3o da cirurgia e a sa\u00fade geral do paciente. Em geral, a recupera\u00e7\u00e3o completa leva de duas a tr\u00eas semanas.<br \/><br \/><strong>A cirurgia da tireoide \u00e9 dolorosa?<br \/><br \/><\/strong>A cirurgia da tireoide \u00e9 realizada sob anestesia geral, portanto, o paciente n\u00e3o sentir\u00e1 dor durante o procedimento. Ap\u00f3s a cirurgia, \u00e9 comum sentir algum desconforto ou dor no local da incis\u00e3o, mas isso pode ser controlado com analg\u00e9sicos prescritos.<br \/><strong>Quais s\u00e3o os poss\u00edveis riscos e complica\u00e7\u00f5es da cirurgia da tireoide?<\/strong><br \/><br \/>Embora a cirurgia da tireoide seja geralmente segura, existem alguns riscos associados, como sangramento, danos aos nervos da voz, hipoparatireoidismo (baixa produ\u00e7\u00e3o de paratorm\u00f4nio) e infec\u00e7\u00f5es. No entanto, essas complica\u00e7\u00f5es s\u00e3o raras.<\/li>\n<!-- \/wp:list-item --><\/ul>\n<!-- \/wp:list --><!-- wp:paragraph -->\n<p>A cirurgia da tireoide \u00e9 um procedimento utilizado para tratar uma variedade de condi\u00e7\u00f5es relacionadas \u00e0 gl\u00e2ndula tireoide. \u00c9 importante reconhecer os sintomas, entender os fatores de risco e buscar tratamento adequado. Se estiver com esses sintomas ou apresentar alguma quest\u00e3o que est\u00e1 no texto,<strong> clique no link abaixo e marque agora sua consulta!<\/strong><\/p>\n<!-- \/wp:paragraph --><!-- wp:paragraph --><!-- \/wp:paragraph -->\t\t\t\t\t\t<\/div>\n\t\t\t\t<\/div>\n\t\t\t\t<div class=\"elementor-element elementor-element-fe73f57 elementor-align-justify e-transform elementor-widget elementor-widget-button\" data-id=\"fe73f57\" data-element_type=\"widget\" data-settings=\"{&quot;_transform_scale_effect_hover&quot;:{&quot;unit&quot;:&quot;px&quot;,&quot;size&quot;:1.1,&quot;sizes&quot;:[]},&quot;_transform_scale_effect_hover_widescreen&quot;:{&quot;unit&quot;:&quot;px&quot;,&quot;size&quot;:&quot;&quot;,&quot;sizes&quot;:[]},&quot;_transform_scale_effect_hover_laptop&quot;:{&quot;unit&quot;:&quot;px&quot;,&quot;size&quot;:&quot;&quot;,&quot;sizes&quot;:[]},&quot;_transform_scale_effect_hover_tablet&quot;:{&quot;unit&quot;:&quot;px&quot;,&quot;size&quot;:&quot;&quot;,&quot;sizes&quot;:[]},&quot;_transform_scale_effect_hover_mobile&quot;:{&quot;unit&quot;:&quot;px&quot;,&quot;size&quot;:&quot;&quot;,&quot;sizes&quot;:[]}}\" data-widget_type=\"button.default\">\n\t\t\t\t<div class=\"elementor-widget-container\">\n\t\t\t\t\t<div class=\"elementor-button-wrapper\">\n\t\t\t<a class=\"elementor-button elementor-button-link elementor-size-sm\" href=\"https:\/\/api.whatsapp.com\/send?phone=5511993616442&#038;text=Gostaria%20de%20mais%20informa%C3%A7%C3%B5es%20sobre%20a%20consulta%20da%20Dra.%20Rafaella\">\n\t\t\t\t\t\t<span class=\"elementor-button-content-wrapper\">\n\t\t\t\t\t\t<span class=\"elementor-button-text\">Marcar Consulta Agora! <\/span>\n\t\t<\/span>\n\t\t\t\t\t<\/a>\n\t\t<\/div>\n\t\t\t\t<\/div>\n\t\t\t\t<\/div>\n\t\t\t\t\t<\/div>\n\t\t<\/div>\n\t\t\t\t\t\t\t<\/div>\n\t\t<\/section>\n\t\t\t\t\t\t\t<\/div>\n\t\t","protected":false},"excerpt":{"rendered":"<p>Cirurgia da Tireoide! Tudo o que voc\u00ea precisa saber A cirurgia da tireoide \u00e9 um procedimento realizado para tratar condi\u00e7\u00f5es relacionadas \u00e0 gl\u00e2ndula tireoide, que est\u00e1 localizada na parte anterior do pesco\u00e7o. Neste artigo, discutiremos os sintomas, tratamentos e causas dessa condi\u00e7\u00e3o, fornecendo informa\u00e7\u00f5es importantes para quem busca entender mais sobre o assunto. Sintomas Os [&hellip;]<\/p>\n","protected":false},"author":1,"featured_media":0,"comment_status":"closed","ping_status":"closed","sticky":false,"template":"","format":"standard","meta":{"_joinchat":[]},"categories":[15],"tags":[],"yoast_head":"<!-- This site is optimized with the Yoast SEO plugin v20.12 - https:\/\/yoast.com\/wordpress\/plugins\/seo\/ -->\n<title>Cirurgia da Tireoide, voc\u00ea precisa saber! - Dra Rafaella Bruhn<\/title>\n<meta name=\"description\" content=\"A cirurgia da tireoide \u00e9 um procedimento realizado para tratar condi\u00e7\u00f5es relacionadas \u00e0 gl\u00e2ndula tireoide.\" \/>\n<meta name=\"robots\" content=\"index, follow, max-snippet:-1, max-image-preview:large, max-video-preview:-1\" \/>\n<link rel=\"canonical\" href=\"https:\/\/drarafaellabruhn.com.br\/index.php\/2023\/03\/07\/cirurgiatireoide\/\" \/>\n<meta property=\"og:locale\" content=\"pt_BR\" \/>\n<meta property=\"og:type\" content=\"article\" \/>\n<meta property=\"og:title\" content=\"Cirurgia da Tireoide, voc\u00ea precisa saber! - Dra Rafaella Bruhn\" \/>\n<meta property=\"og:description\" content=\"A cirurgia da tireoide \u00e9 um procedimento realizado para tratar condi\u00e7\u00f5es relacionadas \u00e0 gl\u00e2ndula tireoide.\" \/>\n<meta property=\"og:url\" content=\"https:\/\/drarafaellabruhn.com.br\/index.php\/2023\/03\/07\/cirurgiatireoide\/\" \/>\n<meta property=\"og:site_name\" content=\"Dra Rafaella Bruhn\" \/>\n<meta property=\"article:published_time\" content=\"2023-03-07T14:37:40+00:00\" \/>\n<meta property=\"article:modified_time\" content=\"2023-07-31T17:46:14+00:00\" \/>\n<meta property=\"og:image\" content=\"https:\/\/drarafaellabruhn.com.br\/wp-content\/uploads\/2023\/07\/image-1024x683.png\" \/>\n<meta name=\"author\" content=\"Rafaella Falco Bruhn\" \/>\n<meta name=\"twitter:card\" content=\"summary_large_image\" \/>\n<meta name=\"twitter:label1\" content=\"Escrito por\" \/>\n\t<meta name=\"twitter:data1\" content=\"Rafaella Falco Bruhn\" \/>\n\t<meta name=\"twitter:label2\" content=\"Est. tempo de leitura\" \/>\n\t<meta name=\"twitter:data2\" content=\"3 minutos\" \/>\n<script type=\"application\/ld+json\" class=\"yoast-schema-graph\">{\"@context\":\"https:\/\/schema.org\",\"@graph\":[{\"@type\":\"Article\",\"@id\":\"https:\/\/drarafaellabruhn.com.br\/index.php\/2023\/03\/07\/cirurgiatireoide\/#article\",\"isPartOf\":{\"@id\":\"https:\/\/drarafaellabruhn.com.br\/index.php\/2023\/03\/07\/cirurgiatireoide\/\"},\"author\":{\"name\":\"Rafaella Falco Bruhn\",\"@id\":\"https:\/\/drarafaellabruhn.com.br\/#\/schema\/person\/a3b73950519a44b3da2b915bfac0b27b\"},\"headline\":\"Cirurgia da Tireoide, voc\u00ea precisa saber!\",\"datePublished\":\"2023-03-07T14:37:40+00:00\",\"dateModified\":\"2023-07-31T17:46:14+00:00\",\"mainEntityOfPage\":{\"@id\":\"https:\/\/drarafaellabruhn.com.br\/index.php\/2023\/03\/07\/cirurgiatireoide\/\"},\"wordCount\":533,\"publisher\":{\"@id\":\"https:\/\/drarafaellabruhn.com.br\/#\/schema\/person\/a3b73950519a44b3da2b915bfac0b27b\"},\"articleSection\":[\"Cirurgia de Tireoide\"],\"inLanguage\":\"pt-BR\"},{\"@type\":\"WebPage\",\"@id\":\"https:\/\/drarafaellabruhn.com.br\/index.php\/2023\/03\/07\/cirurgiatireoide\/\",\"url\":\"https:\/\/drarafaellabruhn.com.br\/index.php\/2023\/03\/07\/cirurgiatireoide\/\",\"name\":\"Cirurgia da Tireoide, voc\u00ea precisa saber! - Dra Rafaella Bruhn\",\"isPartOf\":{\"@id\":\"https:\/\/drarafaellabruhn.com.br\/#website\"},\"datePublished\":\"2023-03-07T14:37:40+00:00\",\"dateModified\":\"2023-07-31T17:46:14+00:00\",\"description\":\"A cirurgia da tireoide \u00e9 um procedimento realizado para tratar condi\u00e7\u00f5es relacionadas \u00e0 gl\u00e2ndula tireoide.\",\"breadcrumb\":{\"@id\":\"https:\/\/drarafaellabruhn.com.br\/index.php\/2023\/03\/07\/cirurgiatireoide\/#breadcrumb\"},\"inLanguage\":\"pt-BR\",\"potentialAction\":[{\"@type\":\"ReadAction\",\"target\":[\"https:\/\/drarafaellabruhn.com.br\/index.php\/2023\/03\/07\/cirurgiatireoide\/\"]}]},{\"@type\":\"BreadcrumbList\",\"@id\":\"https:\/\/drarafaellabruhn.com.br\/index.php\/2023\/03\/07\/cirurgiatireoide\/#breadcrumb\",\"itemListElement\":[{\"@type\":\"ListItem\",\"position\":1,\"name\":\"In\u00edcio\",\"item\":\"https:\/\/drarafaellabruhn.com.br\/\"},{\"@type\":\"ListItem\",\"position\":2,\"name\":\"Cirurgia da Tireoide, voc\u00ea precisa saber!\"}]},{\"@type\":\"WebSite\",\"@id\":\"https:\/\/drarafaellabruhn.com.br\/#website\",\"url\":\"https:\/\/drarafaellabruhn.com.br\/\",\"name\":\"Dra Rafaella Bruhn\",\"description\":\"Especialista em cirurgia de cabe\u00e7a e pesco\u00e7o. Sendo refer\u00eancia em tratamentos e atuando nos melhores hospitais de S\u00e3o Paulo! !\",\"publisher\":{\"@id\":\"https:\/\/drarafaellabruhn.com.br\/#\/schema\/person\/a3b73950519a44b3da2b915bfac0b27b\"},\"potentialAction\":[{\"@type\":\"SearchAction\",\"target\":{\"@type\":\"EntryPoint\",\"urlTemplate\":\"https:\/\/drarafaellabruhn.com.br\/?s={search_term_string}\"},\"query-input\":\"required name=search_term_string\"}],\"inLanguage\":\"pt-BR\"},{\"@type\":[\"Person\",\"Organization\"],\"@id\":\"https:\/\/drarafaellabruhn.com.br\/#\/schema\/person\/a3b73950519a44b3da2b915bfac0b27b\",\"name\":\"Rafaella Falco Bruhn\",\"image\":{\"@type\":\"ImageObject\",\"inLanguage\":\"pt-BR\",\"@id\":\"https:\/\/drarafaellabruhn.com.br\/#\/schema\/person\/image\/\",\"url\":\"https:\/\/drarafaellabruhn.com.br\/wp-content\/uploads\/2023\/03\/cropped-Design-sem-nome-19-1.png\",\"contentUrl\":\"https:\/\/drarafaellabruhn.com.br\/wp-content\/uploads\/2023\/03\/cropped-Design-sem-nome-19-1.png\",\"width\":512,\"height\":512,\"caption\":\"Rafaella Falco Bruhn\"},\"logo\":{\"@id\":\"https:\/\/drarafaellabruhn.com.br\/#\/schema\/person\/image\/\"},\"description\":\"Titulo de especialista em Cirurgia de Cabe\u00e7a e Pesco\u00e7o pela Sociedade Brasileira de Cabe\u00e7a e Pesco\u00e7o (SBCCP) Resid\u00eancia de Cirurgia de Cabe\u00e7a e Pesco\u00e7o pela Faculdade de Medicina do Abc Resid\u00eancia de Cirurgia Geral e Trauma pela Faculdade de Medicina do Abc Gradua\u00e7\u00e3o em Medicina pela Faculdade de Medicina do ABC Atualmente atuo sendo m\u00e9dica Assistente e colaboradora na disciplina de Cirurgia de Cabe\u00e7a e Pesco\u00e7o da FMABC. M\u00e9dica da equipe de Cirurgia de Cabe\u00e7a e Pesco\u00e7o do Hospital Professor Edmundo Vasconcelos , m\u00e9dica da equipe de Cirurgia de Cabe\u00e7a e Pesco\u00e7o do Hospital Santa Paula, m\u00e9dica da Equipe de Cirurgia de Cabe\u00e7a e Pesco\u00e7o da Rede D\u2019Or.\",\"sameAs\":[\"https:\/\/drarafaellabruhn.com.br\",\"https:\/\/www.instagram.com\/dra.rafaellabruhn\/\"],\"url\":\"https:\/\/drarafaellabruhn.com.br\/index.php\/author\/mktrafaellabruhn\/\"}]}<\/script>\n<!-- \/ Yoast SEO plugin. -->","yoast_head_json":{"title":"Cirurgia da Tireoide, voc\u00ea precisa saber! - Dra Rafaella Bruhn","description":"A cirurgia da tireoide \u00e9 um procedimento realizado para tratar condi\u00e7\u00f5es relacionadas \u00e0 gl\u00e2ndula tireoide.","robots":{"index":"index","follow":"follow","max-snippet":"max-snippet:-1","max-image-preview":"max-image-preview:large","max-video-preview":"max-video-preview:-1"},"canonical":"https:\/\/drarafaellabruhn.com.br\/index.php\/2023\/03\/07\/cirurgiatireoide\/","og_locale":"pt_BR","og_type":"article","og_title":"Cirurgia da Tireoide, voc\u00ea precisa saber! - Dra Rafaella Bruhn","og_description":"A cirurgia da tireoide \u00e9 um procedimento realizado para tratar condi\u00e7\u00f5es relacionadas \u00e0 gl\u00e2ndula tireoide.","og_url":"https:\/\/drarafaellabruhn.com.br\/index.php\/2023\/03\/07\/cirurgiatireoide\/","og_site_name":"Dra Rafaella Bruhn","article_published_time":"2023-03-07T14:37:40+00:00","article_modified_time":"2023-07-31T17:46:14+00:00","og_image":[{"url":"https:\/\/drarafaellabruhn.com.br\/wp-content\/uploads\/2023\/07\/image-1024x683.png"}],"author":"Rafaella Falco Bruhn","twitter_card":"summary_large_image","twitter_misc":{"Escrito por":"Rafaella Falco Bruhn","Est. tempo de leitura":"3 minutos"},"schema":{"@context":"https:\/\/schema.org","@graph":[{"@type":"Article","@id":"https:\/\/drarafaellabruhn.com.br\/index.php\/2023\/03\/07\/cirurgiatireoide\/#article","isPartOf":{"@id":"https:\/\/drarafaellabruhn.com.br\/index.php\/2023\/03\/07\/cirurgiatireoide\/"},"author":{"name":"Rafaella Falco Bruhn","@id":"https:\/\/drarafaellabruhn.com.br\/#\/schema\/person\/a3b73950519a44b3da2b915bfac0b27b"},"headline":"Cirurgia da Tireoide, voc\u00ea precisa saber!","datePublished":"2023-03-07T14:37:40+00:00","dateModified":"2023-07-31T17:46:14+00:00","mainEntityOfPage":{"@id":"https:\/\/drarafaellabruhn.com.br\/index.php\/2023\/03\/07\/cirurgiatireoide\/"},"wordCount":533,"publisher":{"@id":"https:\/\/drarafaellabruhn.com.br\/#\/schema\/person\/a3b73950519a44b3da2b915bfac0b27b"},"articleSection":["Cirurgia de Tireoide"],"inLanguage":"pt-BR"},{"@type":"WebPage","@id":"https:\/\/drarafaellabruhn.com.br\/index.php\/2023\/03\/07\/cirurgiatireoide\/","url":"https:\/\/drarafaellabruhn.com.br\/index.php\/2023\/03\/07\/cirurgiatireoide\/","name":"Cirurgia da Tireoide, voc\u00ea precisa saber! - Dra Rafaella Bruhn","isPartOf":{"@id":"https:\/\/drarafaellabruhn.com.br\/#website"},"datePublished":"2023-03-07T14:37:40+00:00","dateModified":"2023-07-31T17:46:14+00:00","description":"A cirurgia da tireoide \u00e9 um procedimento realizado para tratar condi\u00e7\u00f5es relacionadas \u00e0 gl\u00e2ndula tireoide.","breadcrumb":{"@id":"https:\/\/drarafaellabruhn.com.br\/index.php\/2023\/03\/07\/cirurgiatireoide\/#breadcrumb"},"inLanguage":"pt-BR","potentialAction":[{"@type":"ReadAction","target":["https:\/\/drarafaellabruhn.com.br\/index.php\/2023\/03\/07\/cirurgiatireoide\/"]}]},{"@type":"BreadcrumbList","@id":"https:\/\/drarafaellabruhn.com.br\/index.php\/2023\/03\/07\/cirurgiatireoide\/#breadcrumb","itemListElement":[{"@type":"ListItem","position":1,"name":"In\u00edcio","item":"https:\/\/drarafaellabruhn.com.br\/"},{"@type":"ListItem","position":2,"name":"Cirurgia da Tireoide, voc\u00ea precisa saber!"}]},{"@type":"WebSite","@id":"https:\/\/drarafaellabruhn.com.br\/#website","url":"https:\/\/drarafaellabruhn.com.br\/","name":"Dra Rafaella Bruhn","description":"Especialista em cirurgia de cabe\u00e7a e pesco\u00e7o. Sendo refer\u00eancia em tratamentos e atuando nos melhores hospitais de S\u00e3o Paulo! !","publisher":{"@id":"https:\/\/drarafaellabruhn.com.br\/#\/schema\/person\/a3b73950519a44b3da2b915bfac0b27b"},"potentialAction":[{"@type":"SearchAction","target":{"@type":"EntryPoint","urlTemplate":"https:\/\/drarafaellabruhn.com.br\/?s={search_term_string}"},"query-input":"required name=search_term_string"}],"inLanguage":"pt-BR"},{"@type":["Person","Organization"],"@id":"https:\/\/drarafaellabruhn.com.br\/#\/schema\/person\/a3b73950519a44b3da2b915bfac0b27b","name":"Rafaella Falco Bruhn","image":{"@type":"ImageObject","inLanguage":"pt-BR","@id":"https:\/\/drarafaellabruhn.com.br\/#\/schema\/person\/image\/","url":"https:\/\/drarafaellabruhn.com.br\/wp-content\/uploads\/2023\/03\/cropped-Design-sem-nome-19-1.png","contentUrl":"https:\/\/drarafaellabruhn.com.br\/wp-content\/uploads\/2023\/03\/cropped-Design-sem-nome-19-1.png","width":512,"height":512,"caption":"Rafaella Falco Bruhn"},"logo":{"@id":"https:\/\/drarafaellabruhn.com.br\/#\/schema\/person\/image\/"},"description":"Titulo de especialista em Cirurgia de Cabe\u00e7a e Pesco\u00e7o pela Sociedade Brasileira de Cabe\u00e7a e Pesco\u00e7o (SBCCP) Resid\u00eancia de Cirurgia de Cabe\u00e7a e Pesco\u00e7o pela Faculdade de Medicina do Abc Resid\u00eancia de Cirurgia Geral e Trauma pela Faculdade de Medicina do Abc Gradua\u00e7\u00e3o em Medicina pela Faculdade de Medicina do ABC Atualmente atuo sendo m\u00e9dica Assistente e colaboradora na disciplina de Cirurgia de Cabe\u00e7a e Pesco\u00e7o da FMABC. M\u00e9dica da equipe de Cirurgia de Cabe\u00e7a e Pesco\u00e7o do Hospital Professor Edmundo Vasconcelos , m\u00e9dica da equipe de Cirurgia de Cabe\u00e7a e Pesco\u00e7o do Hospital Santa Paula, m\u00e9dica da Equipe de Cirurgia de Cabe\u00e7a e Pesco\u00e7o da Rede D\u2019Or.","sameAs":["https:\/\/drarafaellabruhn.com.br","https:\/\/www.instagram.com\/dra.rafaellabruhn\/"],"url":"https:\/\/drarafaellabruhn.com.br\/index.php\/author\/mktrafaellabruhn\/"}]}},"_links":{"self":[{"href":"https:\/\/drarafaellabruhn.com.br\/index.php\/wp-json\/wp\/v2\/posts\/1"}],"collection":[{"href":"https:\/\/drarafaellabruhn.com.br\/index.php\/wp-json\/wp\/v2\/posts"}],"about":[{"href":"https:\/\/drarafaellabruhn.com.br\/index.php\/wp-json\/wp\/v2\/types\/post"}],"author":[{"embeddable":true,"href":"https:\/\/drarafaellabruhn.com.br\/index.php\/wp-json\/wp\/v2\/users\/1"}],"replies":[{"embeddable":true,"href":"https:\/\/drarafaellabruhn.com.br\/index.php\/wp-json\/wp\/v2\/comments?post=1"}],"version-history":[{"count":27,"href":"https:\/\/drarafaellabruhn.com.br\/index.php\/wp-json\/wp\/v2\/posts\/1\/revisions"}],"predecessor-version":[{"id":849,"href":"https:\/\/drarafaellabruhn.com.br\/index.php\/wp-json\/wp\/v2\/posts\/1\/revisions\/849"}],"wp:attachment":[{"href":"https:\/\/drarafaellabruhn.com.br\/index.php\/wp-json\/wp\/v2\/media?parent=1"}],"wp:term":[{"taxonomy":"category","embeddable":true,"href":"https:\/\/drarafaellabruhn.com.br\/index.php\/wp-json\/wp\/v2\/categories?post=1"},{"taxonomy":"post_tag","embeddable":true,"href":"https:\/\/drarafaellabruhn.com.br\/index.php\/wp-json\/wp\/v2\/tags?post=1"}],"curies":[{"name":"wp","href":"https:\/\/api.w.org\/{rel}","templated":true}]}}